{"id":9948,"date":"2025-09-30T21:09:07","date_gmt":"2025-09-30T19:09:07","guid":{"rendered":"https:\/\/wehostcostabrava.com\/?p=9948"},"modified":"2025-09-30T21:34:41","modified_gmt":"2025-09-30T19:34:41","slug":"offres-appartements-costa-brava-hiver","status":"publish","type":"post","link":"https:\/\/wehostcostabrava.com\/fr\/offres-appartements-costa-brava-hiver\/","title":{"rendered":"Offres d\u2019appartements sur la Costa Brava en basse saison"},"content":{"rendered":"<p data-start=\"581\" data-end=\"942\">La Costa Brava est l\u2019une des destinations les plus pris\u00e9es en \u00e9t\u00e9, mais beaucoup ignorent qu\u2019en hiver elle se transforme en un lieu tout aussi magique, avec un charme particulier et des prix bien plus attractifs. Si vous recherchez des vacances diff\u00e9rentes, calmes et \u00e9conomiques, <a href=\"https:\/\/wehostcostabrava.com\/fr\/location-maison-mont-ras-palafrugell-can-burjats\/\"><strong>louer un appartement sur la Costa Brava en basse saison<\/strong><\/a> est le meilleur choix.<\/p>\n<h2 data-start=\"944\" data-end=\"992\">Avantages de louer un appartement en hiver<\/h2>\n<p data-start=\"993\" data-end=\"1066\">L\u2019hiver apporte de nombreux avantages qui rendent l\u2019exp\u00e9rience unique :<\/p>\n<ul data-start=\"1068\" data-end=\"1513\">\n<li data-start=\"1068\" data-end=\"1167\">\n<p data-start=\"1070\" data-end=\"1167\"><strong data-start=\"1070\" data-end=\"1089\">Tarifs plus bas<\/strong> : les appartements affichent des prix beaucoup plus abordables hors saison.<\/p>\n<\/li>\n<li data-start=\"1168\" data-end=\"1257\">\n<p data-start=\"1170\" data-end=\"1257\"><strong data-start=\"1170\" data-end=\"1193\">Large disponibilit\u00e9<\/strong> : l\u2019offre est vari\u00e9e et il est facile de trouver un logement.<\/p>\n<\/li>\n<li data-start=\"1258\" data-end=\"1371\">\n<p data-start=\"1260\" data-end=\"1371\"><strong data-start=\"1260\" data-end=\"1284\">Tranquillit\u00e9 absolue<\/strong> : plages, criques et villages sont plus vides, pour une exp\u00e9rience plus authentique.<\/p>\n<\/li>\n<li data-start=\"1372\" data-end=\"1513\">\n<p data-start=\"1374\" data-end=\"1513\"><strong data-start=\"1374\" data-end=\"1393\">Climat agr\u00e9able<\/strong> : malgr\u00e9 des temp\u00e9ratures plus fra\u00eeches, l\u2019hiver sur la Costa Brava offre encore de nombreuses journ\u00e9es ensoleill\u00e9es.<\/p>\n<\/li>\n<\/ul>\n<p><img fetchpriority=\"high\" decoding=\"async\" class=\"aligncenter wp-image-8670 size-large\" src=\"https:\/\/wehostcostabrava.com\/wp-content\/uploads\/2024\/03\/DSC07979-HDR-1024x682.jpg\" alt=\"alquiler apartamento en invierno en la costa brava\" width=\"1024\" height=\"682\" srcset=\"https:\/\/wehostcostabrava.com\/wp-content\/uploads\/2024\/03\/DSC07979-HDR-1024x682.jpg 1024w, https:\/\/wehostcostabrava.com\/wp-content\/uploads\/2024\/03\/DSC07979-HDR-300x200.jpg 300w, https:\/\/wehostcostabrava.com\/wp-content\/uploads\/2024\/03\/DSC07979-HDR-768x512.jpg 768w, https:\/\/wehostcostabrava.com\/wp-content\/uploads\/2024\/03\/DSC07979-HDR.jpg 1280w\" sizes=\"(max-width: 1024px) 100vw, 1024px\" \/><\/p>\n<h3 data-start=\"1515\" data-end=\"1557\">Des appartements pour tous les go\u00fbts<\/h3>\n<p data-start=\"1558\" data-end=\"1636\">La vari\u00e9t\u00e9 d\u2019h\u00e9bergements sur la Costa Brava s\u2019adapte \u00e0 tous les voyageurs :<\/p>\n<ul data-start=\"1638\" data-end=\"1960\">\n<li data-start=\"1638\" data-end=\"1713\">\n<p data-start=\"1640\" data-end=\"1713\"><strong data-start=\"1640\" data-end=\"1670\">Appartements avec chemin\u00e9e<\/strong> pour un s\u00e9jour romantique et chaleureux.<\/p>\n<\/li>\n<li data-start=\"1714\" data-end=\"1814\">\n<p data-start=\"1716\" data-end=\"1814\"><strong data-start=\"1716\" data-end=\"1749\">Appartements avec vue sur mer<\/strong> pour admirer un coucher de soleil d\u2019hiver sur la M\u00e9diterran\u00e9e.<\/p>\n<\/li>\n<li data-start=\"1815\" data-end=\"1902\">\n<p data-start=\"1817\" data-end=\"1902\"><strong data-start=\"1817\" data-end=\"1843\">Appartements familiaux<\/strong> pour passer du temps en toute s\u00e9r\u00e9nit\u00e9 avec vos proches.<\/p>\n<\/li>\n<li data-start=\"1903\" data-end=\"1960\">\n<p data-start=\"1905\" data-end=\"1960\"><strong data-start=\"1905\" data-end=\"1924\">Bed &amp; Breakfast<\/strong> pour un s\u00e9jour plus personnalis\u00e9.<\/p>\n<\/li>\n<\/ul>\n<p data-start=\"1962\" data-end=\"2162\">Chez <strong data-start=\"1967\" data-end=\"1989\">WeHost Costa Brava<\/strong>, vous trouverez des appartements et maisons \u00e0 Palam\u00f3s, Calella de Palafrugell, Tamariu, Pals et bien d\u2019autres villages charmants, disponibles \u00e0 la nuit\u00e9e ou \u00e0 la semaine.<\/p>\n<p data-start=\"1962\" data-end=\"2162\"><img decoding=\"async\" class=\"aligncenter wp-image-8598 size-full\" src=\"https:\/\/wehostcostabrava.com\/wp-content\/uploads\/2024\/03\/DSC07896-HDR.jpg\" alt=\"alquiler apartamento en invierno en costa brava\" width=\"853\" height=\"853\" srcset=\"https:\/\/wehostcostabrava.com\/wp-content\/uploads\/2024\/03\/DSC07896-HDR.jpg 853w, https:\/\/wehostcostabrava.com\/wp-content\/uploads\/2024\/03\/DSC07896-HDR-300x300.jpg 300w, https:\/\/wehostcostabrava.com\/wp-content\/uploads\/2024\/03\/DSC07896-HDR-150x150.jpg 150w, https:\/\/wehostcostabrava.com\/wp-content\/uploads\/2024\/03\/DSC07896-HDR-768x768.jpg 768w\" sizes=\"(max-width: 853px) 100vw, 853px\" \/><\/p>\n<h2 data-start=\"2164\" data-end=\"2207\">Que faire sur la Costa Brava en hiver<\/h2>\n<ul data-start=\"2208\" data-end=\"2478\">\n<li data-start=\"2208\" data-end=\"2270\">\n<p data-start=\"2210\" data-end=\"2270\"><strong data-start=\"2210\" data-end=\"2244\">Randonn\u00e9es et chemins de ronde<\/strong> sans la foule estivale.<\/p>\n<\/li>\n<li data-start=\"2271\" data-end=\"2336\">\n<p data-start=\"2273\" data-end=\"2336\"><strong data-start=\"2273\" data-end=\"2295\">Gastronomie locale<\/strong> avec riz, poissons et plats de saison.<\/p>\n<\/li>\n<li data-start=\"2337\" data-end=\"2413\">\n<p data-start=\"2339\" data-end=\"2413\"><strong data-start=\"2339\" data-end=\"2362\">Visites culturelles<\/strong> de villages m\u00e9di\u00e9vaux comme Pals ou Peratallada.<\/p>\n<\/li>\n<li data-start=\"2414\" data-end=\"2478\">\n<p data-start=\"2416\" data-end=\"2478\"><strong data-start=\"2416\" data-end=\"2452\">March\u00e9s de No\u00ebl et f\u00eates locales<\/strong> en d\u00e9cembre et janvier.<\/p>\n<\/li>\n<\/ul>\n<p data-start=\"2497\" data-end=\"2680\">En qu\u00eate d\u2019offres d\u2019appartements sur la Costa Brava pour cet hiver ? <strong data-start=\"2566\" data-end=\"2588\">WeHost Costa Brava<\/strong> vous propose une large s\u00e9lection au meilleur prix pour des vacances uniques et paisibles.<\/p>\n","protected":false},"excerpt":{"rendered":"<p>La Costa Brava est l\u2019une des destinations les plus pris\u00e9es en \u00e9t\u00e9, mais beaucoup ignorent qu\u2019en hiver elle se transforme en un lieu tout aussi magique, avec un charme particulier et des prix bien plus attractifs. Si vous recherchez des vacances diff\u00e9rentes, calmes et \u00e9conomiques, louer un appartement sur la Costa Brava en basse saison [&hellip;]<\/p>\n","protected":false},"author":2,"featured_media":9207,"comment_status":"closed","ping_status":"closed","sticky":false,"template":"","format":"standard","meta":{"_acf_changed":false,"footnotes":""},"categories":[2],"tags":[],"class_list":["post-9948","post","type-post","status-publish","format-standard","has-post-thumbnail","hentry","category-non-classifiee"],"acf":[],"_links":{"self":[{"href":"https:\/\/wehostcostabrava.com\/fr\/wp-json\/wp\/v2\/posts\/9948","targetHints":{"allow":["GET"]}}],"collection":[{"href":"https:\/\/wehostcostabrava.com\/fr\/wp-json\/wp\/v2\/posts"}],"about":[{"href":"https:\/\/wehostcostabrava.com\/fr\/wp-json\/wp\/v2\/types\/post"}],"author":[{"embeddable":true,"href":"https:\/\/wehostcostabrava.com\/fr\/wp-json\/wp\/v2\/users\/2"}],"replies":[{"embeddable":true,"href":"https:\/\/wehostcostabrava.com\/fr\/wp-json\/wp\/v2\/comments?post=9948"}],"version-history":[{"count":2,"href":"https:\/\/wehostcostabrava.com\/fr\/wp-json\/wp\/v2\/posts\/9948\/revisions"}],"predecessor-version":[{"id":9961,"href":"https:\/\/wehostcostabrava.com\/fr\/wp-json\/wp\/v2\/posts\/9948\/revisions\/9961"}],"wp:featuredmedia":[{"embeddable":true,"href":"https:\/\/wehostcostabrava.com\/fr\/wp-json\/wp\/v2\/media\/9207"}],"wp:attachment":[{"href":"https:\/\/wehostcostabrava.com\/fr\/wp-json\/wp\/v2\/media?parent=9948"}],"wp:term":[{"taxonomy":"category","embeddable":true,"href":"https:\/\/wehostcostabrava.com\/fr\/wp-json\/wp\/v2\/categories?post=9948"},{"taxonomy":"post_tag","embeddable":true,"href":"https:\/\/wehostcostabrava.com\/fr\/wp-json\/wp\/v2\/tags?post=9948"}],"curies":[{"name":"wp","href":"https:\/\/api.w.org\/{rel}","templated":true}]}}