{"id":7484,"date":"2024-10-21T11:15:28","date_gmt":"2024-10-21T09:15:28","guid":{"rendered":"https:\/\/wehostcostabrava.com\/?p=7484"},"modified":"2026-04-16T09:46:51","modified_gmt":"2026-04-16T07:46:51","slug":"cyclotourisme-rural-a-gerone-decouvrez-le-baix-emporda-et-les-meilleurs-hebergements","status":"publish","type":"post","link":"https:\/\/wehostcostabrava.com\/fr\/cyclotourisme-rural-a-gerone-decouvrez-le-baix-emporda-et-les-meilleurs-hebergements\/","title":{"rendered":"Cyclotourisme rural \u00e0 G\u00e9rone (Costa Brava): d\u00e9couvrez le Baix Empord\u00e0 et les meilleurs h\u00e9bergements"},"content":{"rendered":"<p>Le <strong>cyclotourisme est devenu l&rsquo;une des mani\u00e8res les plus attrayantes de d\u00e9couvrir la beaut\u00e9 rurale de G\u00e9rone<\/strong>, notamment dans la r\u00e9gion du Baix Empord\u00e0, o\u00f9 les voies vertes offrent des itin\u00e9raires tranquilles et s\u00e9curis\u00e9s pour explorer la r\u00e9gion \u00e0 v\u00e9lo. Ces anciennes voies ferr\u00e9es, reconverties en sentiers pour cyclistes et randonneurs, permettent de profiter du paysage \u00e0 un rythme tranquille, en traversant des champs, des villages pittoresques et des environnements naturels prot\u00e9g\u00e9s. Pour les amateurs de nature et de sports de plein air, les voies vertes du Baix Empord\u00e0 sont une excellente occasion de se connecter avec l\u2019environnement et de s\u2019\u00e9loigner de l\u2019agitation de la vie quotidienne.<\/p>\n<h2>Voies vertes \u00e0 G\u00e9rone et dans le Baix Empord\u00e0<\/h2>\n<p>G\u00e9rone poss\u00e8de un vaste r\u00e9seau de voies vertes reliant diff\u00e9rentes r\u00e9gions, et le Baix Empord\u00e0 est l&rsquo;une des plus pris\u00e9es pour sa beaut\u00e9 paysag\u00e8re et sa proximit\u00e9 avec la c\u00f4te. Ces itin\u00e9raires sont id\u00e9aux pour les cyclistes exp\u00e9riment\u00e9s comme pour ceux qui recherchent une exp\u00e9rience plus d\u00e9tendue, car ils offrent des terrains principalement plats, sans grandes difficult\u00e9s, permettant de parcourir de longues distances sans trop d&rsquo;effort.<\/p>\n<p>L&rsquo;une des routes les plus embl\u00e9matiques est celle qui relie G\u00e9rone \u00e0 la Costa Brava, connue sous le nom de Route du Carrilet II, qui traverse des communes telles que Llagostera, Castell d&rsquo;Aro et se termine \u00e0 Sant Feliu de Gu\u00edxols. Cet itin\u00e9raire est parfait pour d\u00e9couvrir les contrastes entre l&rsquo;int\u00e9rieur des terres et la c\u00f4te, en passant par des zones rurales et en se terminant sur les rives de la M\u00e9diterran\u00e9e.<\/p>\n<p><img fetchpriority=\"high\" decoding=\"async\" class=\"aligncenter wp-image-7472 size-large\" src=\"https:\/\/wehostcostabrava.com\/wp-content\/uploads\/2024\/10\/Ruta-del-Carrilet-II-1024x768.jpg\" alt=\"Cicloturismo Girona\" width=\"1024\" height=\"768\" srcset=\"https:\/\/wehostcostabrava.com\/wp-content\/uploads\/2024\/10\/Ruta-del-Carrilet-II-1024x768.jpg 1024w, https:\/\/wehostcostabrava.com\/wp-content\/uploads\/2024\/10\/Ruta-del-Carrilet-II-300x225.jpg 300w, https:\/\/wehostcostabrava.com\/wp-content\/uploads\/2024\/10\/Ruta-del-Carrilet-II-768x576.jpg 768w, https:\/\/wehostcostabrava.com\/wp-content\/uploads\/2024\/10\/Ruta-del-Carrilet-II-1536x1152.jpg 1536w, https:\/\/wehostcostabrava.com\/wp-content\/uploads\/2024\/10\/Ruta-del-Carrilet-II-2048x1536.jpg 2048w\" sizes=\"(max-width: 1024px) 100vw, 1024px\" \/><\/p>\n<p>Dans le Baix Empord\u00e0, le r\u00e9seau de voies vertes est compl\u00e9t\u00e9 par des chemins ruraux qui serpentent entre vignobles, champs de culture et for\u00eats, offrant une exp\u00e9rience de cyclotourisme v\u00e9ritablement immersive. P\u00e9daler dans cette r\u00e9gion permet d&rsquo;explorer des villages charmants comme Pals, Peratallada et Palau-sator, qui offrent un voyage dans le temps avec leurs rues pav\u00e9es et leur architecture m\u00e9di\u00e9vale.<\/p>\n<h2>Cyclotourisme et nature dans le Baix Empord\u00e0<\/h2>\n<p>Le Baix Empord\u00e0 est connu pour la diversit\u00e9 de ses paysages, allant de douces collines aux plaines agricoles, et pour sa proximit\u00e9 avec certaines <a href=\"https:\/\/wehostcostabrava.com\/fr\/meilleures-plages-calas-calella-de-palafrugell-costa-brava\/\">des plus belles plages de la Costa Brava<\/a>. Ce contraste permet aux cyclistes de profiter d&rsquo;itin\u00e9raires qui combinent le meilleur de la nature avec la possibilit\u00e9 de s&rsquo;arr\u00eater dans de petits villages pour d\u00e9couvrir leur gastronomie, leur culture et leur histoire.<\/p>\n<p>L&rsquo;un des principaux attraits de la r\u00e9gion est le Parc Naturel du Montgr\u00ed, des \u00celes Medes et du Baix Ter, un espace prot\u00e9g\u00e9 offrant une diversit\u00e9 d&rsquo;\u00e9cosyst\u00e8mes, allant des zones bois\u00e9es aux zones humides et plages vierges. Parcourir ce parc \u00e0 v\u00e9lo est une exp\u00e9rience unique qui permet d&rsquo;observer des oiseaux, de d\u00e9couvrir des points de vue naturels et de profiter de la tranquillit\u00e9 des environs.<\/p>\n<p>Un autre itin\u00e9raire populaire est celui qui relie Palam\u00f3s \u00e0 Calella de Palafrugell, un trajet qui offre des vues imprenables sur la M\u00e9diterran\u00e9e tout en p\u00e9dalant sur des sentiers traversant des pin\u00e8des et des falaises. Cet itin\u00e9raire est id\u00e9al pour ceux qui souhaitent combiner sport et possibilit\u00e9 de s&rsquo;arr\u00eater dans certaines des criques les plus embl\u00e9matiques de la Costa Brava, comme Cala Estreta ou El Golfet.<\/p>\n<h2>H\u00e9bergement dans le Baix Empord\u00e0<\/h2>\n<p>Pour ceux qui souhaitent pleinement profiter d&rsquo;une exp\u00e9rience de cyclotourisme dans le Baix Empord\u00e0, il est essentiel de disposer d\u2019un bon h\u00e9bergement qui permette de se reposer et de se d\u00e9tendre apr\u00e8s une journ\u00e9e d\u2019activit\u00e9. Les localit\u00e9s de Calella de Palafrugell, Palam\u00f3s et Tamariu se pr\u00e9sentent comme les meilleures options pour se loger, gr\u00e2ce \u00e0 leur emplacement strat\u00e9gique pr\u00e8s des routes cyclistes et leur proximit\u00e9 avec la c\u00f4te.<\/p>\n<p>Calella de Palafrugell est un charmant village de p\u00eacheurs offrant une atmosph\u00e8re tranquille, avec des plages aux eaux cristallines et une grande vari\u00e9t\u00e9 d&rsquo;options d&rsquo;h\u00e9bergement. De l\u00e0, il est facile d&rsquo;acc\u00e9der aux itin\u00e9raires cyclistes qui parcourent \u00e0 la fois la c\u00f4te et l&rsquo;int\u00e9rieur du Baix Empord\u00e0.<\/p>\n<p>Palam\u00f3s, quant \u00e0 lui, est une option id\u00e9ale pour ceux qui recherchent une combinaison d&rsquo;activit\u00e9s culturelles et sportives. Avec son port de p\u00eache, sa promenade maritime et son large \u00e9ventail gastronomique, Palam\u00f3s est une excellente base pour explorer les voies vertes et profiter du cyclotourisme dans la r\u00e9gion.<\/p>\n<p>Tamariu, un autre village c\u00f4tier pittoresque, est parfait pour ceux qui pr\u00e9f\u00e8rent une exp\u00e9rience plus d\u00e9tendue, avec un acc\u00e8s direct \u00e0 certaines des plus belles plages de la Costa Brava et des itin\u00e9raires cyclistes qui longent le littoral.<\/p>\n<p><img decoding=\"async\" class=\"aligncenter wp-image-7476 size-large\" src=\"https:\/\/wehostcostabrava.com\/wp-content\/uploads\/2024\/10\/calella-palafrugell-1024x616.jpg\" alt=\"Alojamiento Calella de Palafrugell\" width=\"1024\" height=\"616\" srcset=\"https:\/\/wehostcostabrava.com\/wp-content\/uploads\/2024\/10\/calella-palafrugell-1024x616.jpg 1024w, https:\/\/wehostcostabrava.com\/wp-content\/uploads\/2024\/10\/calella-palafrugell-300x181.jpg 300w, https:\/\/wehostcostabrava.com\/wp-content\/uploads\/2024\/10\/calella-palafrugell-768x462.jpg 768w, https:\/\/wehostcostabrava.com\/wp-content\/uploads\/2024\/10\/calella-palafrugell.jpg 1200w\" sizes=\"(max-width: 1024px) 100vw, 1024px\" \/><\/p>\n<h2>Location d\u2019appartements et de maisons sur Wehostcostabrava.com<\/h2>\n<p>Si vous planifiez un voyage de cyclotourisme dans le Baix Empord\u00e0 et que vous avez besoin d&rsquo;un h\u00e9bergement, notre site propose une large s\u00e9lection <a href=\"https:\/\/wehostcostabrava.com\/fr\/appartements\/\">d\u2019appartements<\/a> et de <a href=\"https:\/\/wehostcostabrava.com\/fr\/maisons\/\">maisons<\/a> \u00e0 louer pour des s\u00e9jours \u00e0 la journ\u00e9e ou \u00e0 la semaine dans des localit\u00e9s comme Calella de Palafrugell, Palam\u00f3s, Tamariu et d\u2019autres zones environnantes. Cette option est parfaite pour ceux qui recherchent flexibilit\u00e9 et confort durant leur s\u00e9jour.<\/p>\n<p>Que vous pr\u00e9f\u00e9riez un appartement cosy pr\u00e8s de la plage ou une maison avec jardin pour ranger vos v\u00e9los, Wehostcostabrava.com propose des options adapt\u00e9es \u00e0 tous les types de voyageurs. De plus, leur offre d\u2019h\u00e9bergements comprend des propri\u00e9t\u00e9s de diff\u00e9rentes tailles, id\u00e9ales pour les couples, les groupes ou les familles souhaitant explorer la r\u00e9gion de mani\u00e8re active.<\/p>\n","protected":false},"excerpt":{"rendered":"<p>Le cyclotourisme est devenu l&rsquo;une des mani\u00e8res les plus attrayantes de d\u00e9couvrir la beaut\u00e9 rurale de G\u00e9rone, notamment dans la r\u00e9gion du Baix Empord\u00e0, o\u00f9 les voies vertes offrent des itin\u00e9raires tranquilles et s\u00e9curis\u00e9s pour explorer la r\u00e9gion \u00e0 v\u00e9lo. Ces anciennes voies ferr\u00e9es, reconverties en sentiers pour cyclistes et randonneurs, permettent de profiter du [&hellip;]<\/p>\n","protected":false},"author":2,"featured_media":7480,"comment_status":"closed","ping_status":"closed","sticky":false,"template":"","format":"standard","meta":{"_acf_changed":false,"footnotes":""},"categories":[44],"tags":[],"class_list":["post-7484","post","type-post","status-publish","format-standard","has-post-thumbnail","hentry","category-que-ver-en-calella-de-palafrugell-fr"],"acf":[],"_links":{"self":[{"href":"https:\/\/wehostcostabrava.com\/fr\/wp-json\/wp\/v2\/posts\/7484","targetHints":{"allow":["GET"]}}],"collection":[{"href":"https:\/\/wehostcostabrava.com\/fr\/wp-json\/wp\/v2\/posts"}],"about":[{"href":"https:\/\/wehostcostabrava.com\/fr\/wp-json\/wp\/v2\/types\/post"}],"author":[{"embeddable":true,"href":"https:\/\/wehostcostabrava.com\/fr\/wp-json\/wp\/v2\/users\/2"}],"replies":[{"embeddable":true,"href":"https:\/\/wehostcostabrava.com\/fr\/wp-json\/wp\/v2\/comments?post=7484"}],"version-history":[{"count":3,"href":"https:\/\/wehostcostabrava.com\/fr\/wp-json\/wp\/v2\/posts\/7484\/revisions"}],"predecessor-version":[{"id":13521,"href":"https:\/\/wehostcostabrava.com\/fr\/wp-json\/wp\/v2\/posts\/7484\/revisions\/13521"}],"wp:featuredmedia":[{"embeddable":true,"href":"https:\/\/wehostcostabrava.com\/fr\/wp-json\/wp\/v2\/media\/7480"}],"wp:attachment":[{"href":"https:\/\/wehostcostabrava.com\/fr\/wp-json\/wp\/v2\/media?parent=7484"}],"wp:term":[{"taxonomy":"category","embeddable":true,"href":"https:\/\/wehostcostabrava.com\/fr\/wp-json\/wp\/v2\/categories?post=7484"},{"taxonomy":"post_tag","embeddable":true,"href":"https:\/\/wehostcostabrava.com\/fr\/wp-json\/wp\/v2\/tags?post=7484"}],"curies":[{"name":"wp","href":"https:\/\/api.w.org\/{rel}","templated":true}]}}