{"id":10150,"date":"2025-10-13T12:47:16","date_gmt":"2025-10-13T10:47:16","guid":{"rendered":"https:\/\/wehostcostabrava.com\/?p=10150"},"modified":"2025-10-13T12:58:42","modified_gmt":"2025-10-13T10:58:42","slug":"week-end-hiver-costa-brava-maison-cheminee","status":"publish","type":"post","link":"https:\/\/wehostcostabrava.com\/fr\/week-end-hiver-costa-brava-maison-cheminee\/","title":{"rendered":"Week-end d\u2019hiver : le plaisir de s\u00e9journer dans une maison ou un appartement sur la Costa Brava avec chemin\u00e9e"},"content":{"rendered":"<p><span style=\"font-weight: 400;\">La Costa Brava ne brille pas seulement en \u00e9t\u00e9. En hiver, ses villages c\u00f4tiers se transforment en havres de paix, entour\u00e9s de nature et de charme. Les journ\u00e9es sont plus courtes, mais le paysage reste spectaculaire : balades en bord de mer, sentiers forestiers et couchers de soleil qui invitent \u00e0 se blottir \u00e0 l\u2019int\u00e9rieur, pr\u00e8s du feu.<\/span><\/p>\n<p><span style=\"font-weight: 400;\">Si vous souhaitez \u00e9chapper au bruit de la ville et profiter d\u2019un week-end de d\u00e9tente, rien de tel que de r\u00e9server une <\/span><b>maison ou un appartement sur la Costa Brava avec chemin\u00e9e<\/b><span style=\"font-weight: 400;\">. Chez WeHost Costa Brava, vous trouverez des h\u00e9bergements con\u00e7us pour vivre la basse saison dans le plus grand confort, entour\u00e9s de nature et des parfums de la M\u00e9diterran\u00e9e.<\/span><\/p>\n<h3><b>La magie de la chemin\u00e9e en hiver<\/b><\/h3>\n<p><span style=\"font-weight: 400;\">Allumer une chemin\u00e9e change compl\u00e8tement le rythme de la journ\u00e9e. Elle n\u2019apporte pas seulement de la chaleur : elle cr\u00e9e une atmosph\u00e8re propice \u00e0 la conversation, \u00e0 la lecture ou \u00e0 un verre de vin pendant que le vent souffle dehors. Dans les maisons et appartements avec chemin\u00e9e de la Costa Brava, chaque recoin devient un refuge de bien-\u00eatre.<\/span><\/p>\n<p><span style=\"font-weight: 400;\">Que ce soit en couple, en famille ou entre amis, s\u00e9journer dans un logement avec chemin\u00e9e en hiver permet de se reconnecter \u00e0 l\u2019essentiel : le calme, le silence et la beaut\u00e9 du paysage environnant.<\/span><\/p>\n<h3><b>Maisons et appartements avec chemin\u00e9e sur la Costa Brava<\/b><\/h3>\n<p><span style=\"font-weight: 400;\">Chez <\/span><b>WeHost Costa Brava<\/b><span style=\"font-weight: 400;\">, vous pouvez choisir parmi plusieurs h\u00e9bergements \u00e9quip\u00e9s d\u2019une chemin\u00e9e, parfaits pour profiter des mois les plus frais. Voici trois options id\u00e9ales pour votre escapade hivernale :<\/span><\/p>\n<h4><a href=\"https:\/\/wehostcostabrava.com\/fr\/location-maison-mont-ras-palafrugell-can-burjats\/\"><b>Maison \u00e0 Mont-ras, pr\u00e8s de Palafrugell<\/b><\/a><\/h4>\n<p><span style=\"font-weight: 400;\">Une charmante maison de campagne entour\u00e9e de nature, id\u00e9ale pour ceux qui cherchent \u00e0 se d\u00e9connecter totalement. Sa chemin\u00e9e dans le salon devient le c\u0153ur de la maison pendant l\u2019hiver, parfaite pour les apr\u00e8s-midis de lecture ou les d\u00eeners tranquilles apr\u00e8s une promenade dans les environs. Mont-ras est un petit paradis entre for\u00eats et champs, tout pr\u00e8s de Calella de Palafrugell et des plus belles plages du Baix Empord\u00e0.<\/span><\/p>\n<p><img fetchpriority=\"high\" decoding=\"async\" class=\"aligncenter wp-image-10113 size-large\" src=\"https:\/\/wehostcostabrava.com\/wp-content\/uploads\/2025\/10\/casa-con-chimenea-en-la-costa-brava-1024x682.jpg\" alt=\"casa con chimenea en la costa brava\" width=\"1024\" height=\"682\" srcset=\"https:\/\/wehostcostabrava.com\/wp-content\/uploads\/2025\/10\/casa-con-chimenea-en-la-costa-brava-1024x682.jpg 1024w, https:\/\/wehostcostabrava.com\/wp-content\/uploads\/2025\/10\/casa-con-chimenea-en-la-costa-brava-300x200.jpg 300w, https:\/\/wehostcostabrava.com\/wp-content\/uploads\/2025\/10\/casa-con-chimenea-en-la-costa-brava-768x512.jpg 768w, https:\/\/wehostcostabrava.com\/wp-content\/uploads\/2025\/10\/casa-con-chimenea-en-la-costa-brava.jpg 1280w\" sizes=\"(max-width: 1024px) 100vw, 1024px\" \/><\/p>\n<h4><a href=\"https:\/\/wehostcostabrava.com\/fr\/location-maison-piscine-tamariu\/\"><b>Maison avec piscine \u00e0 Tamariu<\/b><\/a><\/h4>\n<p><span style=\"font-weight: 400;\">Bien que Tamariu soit c\u00e9l\u00e8bre pour ses eaux turquoise en \u00e9t\u00e9, en hiver il se transforme en un lieu plein de s\u00e9r\u00e9nit\u00e9. Cette maison allie la chaleur de sa chemin\u00e9e au charme d\u2019un emplacement privil\u00e9gi\u00e9. Depuis le salon, vous pouvez admirer le paysage m\u00e9diterran\u00e9en pendant que le feu cr\u00e9pite. Un cadre parfait pour une escapade romantique ou un week-end de d\u00e9tente absolue.<\/span><\/p>\n<p><img decoding=\"async\" class=\"aligncenter wp-image-10118 size-full\" src=\"https:\/\/wehostcostabrava.com\/wp-content\/uploads\/2025\/10\/casa-con-chimenea-en-Tamariu.jpg\" alt=\"casa con chimenea en Tamariu\" width=\"800\" height=\"600\" srcset=\"https:\/\/wehostcostabrava.com\/wp-content\/uploads\/2025\/10\/casa-con-chimenea-en-Tamariu.jpg 800w, https:\/\/wehostcostabrava.com\/wp-content\/uploads\/2025\/10\/casa-con-chimenea-en-Tamariu-300x225.jpg 300w, https:\/\/wehostcostabrava.com\/wp-content\/uploads\/2025\/10\/casa-con-chimenea-en-Tamariu-768x576.jpg 768w\" sizes=\"(max-width: 800px) 100vw, 800px\" \/><\/p>\n<h4><a href=\"https:\/\/wehostcostabrava.com\/fr\/location-de-maison-ideale-pour-les-familles-a-calella-de-palafrugell-casa-concha-casanova\/\"><b>Maison id\u00e9ale pour les familles \u00e0 Calella de Palafrugell<\/b><\/a><\/h4>\n<p><span style=\"font-weight: 400;\">Si vous pr\u00e9f\u00e9rez un s\u00e9jour au bord de la mer, cette maison familiale \u00e0 Calella de Palafrugell est un excellent choix. Sa chemin\u00e9e transforme le salon en un espace chaleureux pour partager des jeux ou des repas conviviaux. \u00c0 seulement quelques minutes \u00e0 pied de la plage, elle combine ambiance maritime et confort douillet, id\u00e9ale pour la saison hivernale.<\/span><\/p>\n<p><img decoding=\"async\" class=\"aligncenter wp-image-10123 size-large\" src=\"https:\/\/wehostcostabrava.com\/wp-content\/uploads\/2025\/10\/apartamento-calella-de-palafrugell-con-chimenea-1024x648.jpg\" alt=\"apartamento calella de palafrugell con chimenea\" width=\"1024\" height=\"648\" srcset=\"https:\/\/wehostcostabrava.com\/wp-content\/uploads\/2025\/10\/apartamento-calella-de-palafrugell-con-chimenea-1024x648.jpg 1024w, https:\/\/wehostcostabrava.com\/wp-content\/uploads\/2025\/10\/apartamento-calella-de-palafrugell-con-chimenea-300x190.jpg 300w, https:\/\/wehostcostabrava.com\/wp-content\/uploads\/2025\/10\/apartamento-calella-de-palafrugell-con-chimenea-768x486.jpg 768w, https:\/\/wehostcostabrava.com\/wp-content\/uploads\/2025\/10\/apartamento-calella-de-palafrugell-con-chimenea-1536x971.jpg 1536w, https:\/\/wehostcostabrava.com\/wp-content\/uploads\/2025\/10\/apartamento-calella-de-palafrugell-con-chimenea.jpg 1787w\" sizes=\"(max-width: 1024px) 100vw, 1024px\" \/><\/p>\n<h3><b>Que faire lors d\u2019un week-end d\u2019hiver sur la Costa Brava<\/b><\/h3>\n<p><span style=\"font-weight: 400;\">M\u00eame en hiver, la Costa Brava offre mille activit\u00e9s \u00e0 d\u00e9couvrir. Vous pouvez parcourir le <\/span><b>Cam\u00ed de Ronda<\/b><span style=\"font-weight: 400;\">, explorer des villages m\u00e9di\u00e9vaux pleins de charme comme <\/span><b>Pals, Peratallada ou Begur<\/b><span style=\"font-weight: 400;\">, visiter des caves locales ou tout simplement fl\u00e2ner sur les plages d\u00e9sertes au coucher du soleil.<\/span><\/p>\n<p><span style=\"font-weight: 400;\">Apr\u00e8s une journ\u00e9e d\u2019excursions, rien n\u2019est plus agr\u00e9able que de rentrer, d\u2019allumer la chemin\u00e9e et de laisser le temps s\u2019arr\u00eater.<\/span><\/p>\n<h3><b>Un week-end pour se ressourcer<\/b><\/h3>\n<p><span style=\"font-weight: 400;\">Un week-end d\u2019hiver sur la Costa Brava est une exp\u00e9rience sensorielle : la brise marine, le parfum du bois br\u00fbl\u00e9, les paysages de vignes et d\u2019oliviers. Choisir une <\/span><b>maison ou un appartement avec chemin\u00e9e<\/b><span style=\"font-weight: 400;\"> est la cl\u00e9 pour profiter pleinement de cette atmosph\u00e8re m\u00e9diterran\u00e9enne si particuli\u00e8re.<\/span><\/p>\n<p><span style=\"font-weight: 400;\">Que ce soit pour c\u00e9l\u00e9brer une occasion sp\u00e9ciale, une escapade en couple ou simplement pour se d\u00e9tendre, WeHost Costa Brava vous propose l\u2019h\u00e9bergement id\u00e9al. Chaque propri\u00e9t\u00e9 est soigneusement s\u00e9lectionn\u00e9e, enti\u00e8rement \u00e9quip\u00e9e et g\u00e9r\u00e9e avec l\u2019attention personnalis\u00e9e qui caract\u00e9rise notre \u00e9quipe.<\/span><\/p>\n<h3><b>Vivez l\u2019hiver le plus chaleureux avec WeHost Costa Brava<\/b><\/h3>\n<p><span style=\"font-weight: 400;\">Si vous cherchez une <\/span><b>maison ou un appartement sur la Costa Brava avec chemin\u00e9e<\/b><span style=\"font-weight: 400;\">, WeHost Costa Brava vous offre la combinaison parfaite entre confort, authenticit\u00e9 et emplacement. Profitez d\u2019un cadre unique, de la chaleur du feu et de la tranquillit\u00e9 qu\u2019offre cette saison.<\/span><\/p>\n<p><span style=\"font-weight: 400;\">R\u00e9servez d\u00e8s maintenant votre prochaine escapade et d\u00e9couvrez que l\u2019hiver peut aussi \u00eatre la plus belle saison pour profiter de la Costa Brava.<\/span><\/p>\n","protected":false},"excerpt":{"rendered":"<p>La Costa Brava ne brille pas seulement en \u00e9t\u00e9. En hiver, ses villages c\u00f4tiers se transforment en havres de paix, entour\u00e9s de nature et de charme. Les journ\u00e9es sont plus courtes, mais le paysage reste spectaculaire : balades en bord de mer, sentiers forestiers et couchers de soleil qui invitent \u00e0 se blottir \u00e0 l\u2019int\u00e9rieur, [&hellip;]<\/p>\n","protected":false},"author":2,"featured_media":10131,"comment_status":"closed","ping_status":"closed","sticky":false,"template":"","format":"standard","meta":{"_acf_changed":false,"footnotes":""},"categories":[2],"tags":[],"class_list":["post-10150","post","type-post","status-publish","format-standard","has-post-thumbnail","hentry","category-non-classifiee"],"acf":[],"_links":{"self":[{"href":"https:\/\/wehostcostabrava.com\/fr\/wp-json\/wp\/v2\/posts\/10150","targetHints":{"allow":["GET"]}}],"collection":[{"href":"https:\/\/wehostcostabrava.com\/fr\/wp-json\/wp\/v2\/posts"}],"about":[{"href":"https:\/\/wehostcostabrava.com\/fr\/wp-json\/wp\/v2\/types\/post"}],"author":[{"embeddable":true,"href":"https:\/\/wehostcostabrava.com\/fr\/wp-json\/wp\/v2\/users\/2"}],"replies":[{"embeddable":true,"href":"https:\/\/wehostcostabrava.com\/fr\/wp-json\/wp\/v2\/comments?post=10150"}],"version-history":[{"count":1,"href":"https:\/\/wehostcostabrava.com\/fr\/wp-json\/wp\/v2\/posts\/10150\/revisions"}],"predecessor-version":[{"id":10161,"href":"https:\/\/wehostcostabrava.com\/fr\/wp-json\/wp\/v2\/posts\/10150\/revisions\/10161"}],"wp:featuredmedia":[{"embeddable":true,"href":"https:\/\/wehostcostabrava.com\/fr\/wp-json\/wp\/v2\/media\/10131"}],"wp:attachment":[{"href":"https:\/\/wehostcostabrava.com\/fr\/wp-json\/wp\/v2\/media?parent=10150"}],"wp:term":[{"taxonomy":"category","embeddable":true,"href":"https:\/\/wehostcostabrava.com\/fr\/wp-json\/wp\/v2\/categories?post=10150"},{"taxonomy":"post_tag","embeddable":true,"href":"https:\/\/wehostcostabrava.com\/fr\/wp-json\/wp\/v2\/tags?post=10150"}],"curies":[{"name":"wp","href":"https:\/\/api.w.org\/{rel}","templated":true}]}}