{"id":6825,"date":"2024-07-05T09:45:54","date_gmt":"2024-07-05T07:45:54","guid":{"rendered":"https:\/\/wehostcostabrava.com\/?p=6825"},"modified":"2024-07-05T10:12:42","modified_gmt":"2024-07-05T08:12:42","slug":"ruta-fi-de-setmana-costa-brava","status":"publish","type":"post","link":"https:\/\/wehostcostabrava.com\/ca\/ruta-fi-de-setmana-costa-brava\/","title":{"rendered":"Ruta pel Baix Empord\u00e0 en un Cap de Setmana: Un viatge per l\u00b4ess\u00e8ncia de Catalunya"},"content":{"rendered":"<p>El Baix Empord\u00e0, situat a la prov\u00edncia de Girona, \u00e9s una regi\u00f3 que combina paisatges de somni, hist\u00f2ria rica i una gastronomia inigualable. Aquest dest\u00ed \u00e9s perfecte per a una escapada de cap de setmana, oferint una barreja de cultura, natura i relaxaci\u00f3. Avui us presentem un itinerari perqu\u00e8 aprofiteu al m\u00e0xim la vostra visita.<\/p>\n<h2>Dia 1: Hist\u00f2ria i Encant Medieval<\/h2>\n<p><strong>Mat\u00ed: Pals i Peratallada<\/strong><\/p>\n<p>Comen\u00e7a la teva aventura al pintoresc poble de Pals. Aquest lloc \u00e9s un viatge al passat amb els seus carrers empedrats, cases de pedra i torres medievals. Recorre el nucli antic, puja a la Torre de les Hores per gaudir de vistes panor\u00e0miques i visita l&#8217;esgl\u00e9sia de Sant Pere. No t&#8217;oblidis de passejar per les botigues d&#8217;artesania i degustar productes locals.<\/p>\n<p>A pocs quil\u00f2metres de Pals, hi ha Peratallada, un altre poble medieval que et deixar\u00e0 sense paraules. Conegut per les impressionants muralles i el castell, aquest petit enclavament \u00e9s perfecte per perdre&#8217;s als seus carrerons i descobrir racons plens d&#8217;hist\u00f2ria. Els restaurants i bars a Peratallada s\u00f3n ideals per gaudir d\u00b4un \u00e0pat tradicional catal\u00e0.<\/p>\n<p><strong>Tarda: La Bisbal d&#8217;Empord\u00e0<\/strong><\/p>\n<p>Dirigeix-te cap a la Bisbal d&#8217;Empord\u00e0, la capital de la cer\u00e0mica. Aquest petit poble \u00e9s fam\u00f3s per la producci\u00f3 de cer\u00e0mica artesanal. Visita alguna de les seves botigues i tallers, on podr\u00e0s veure els artesans treballant i, potser, endur-te algun record \u00fanic. Tamb\u00e9 podeu visitar el Castell de la Bisbal, una fortalesa medieval que ara acull exposicions i esdeveniments culturals.<\/p>\n<p><strong>Nit: Sopar a Palafrugell<\/strong><\/p>\n<p>Acaba el dia a Palafrugell, un lloc perfecte per gaudir de la gastronomia local. Els restaurants aqu\u00ed ofereixen des de marisc fresc fins a embotits tradicionals. Proveu el suquet de peix (guisat de peix) o l&#8217;arr\u00f2s a la cassola, dues de les especialitats de la regi\u00f3. Si tens sort, podries coincidir amb alguna festa local o concert a la pla\u00e7a del poble.<\/p>\n<p><img fetchpriority=\"high\" decoding=\"async\" class=\"aligncenter wp-image-6794 size-large\" src=\"https:\/\/wehostcostabrava.com\/wp-content\/uploads\/2024\/07\/pals-mediaval-1024x538.avif\" alt=\"Pals mediaval\" width=\"1024\" height=\"538\" srcset=\"https:\/\/wehostcostabrava.com\/wp-content\/uploads\/2024\/07\/pals-mediaval-1024x538.avif 1024w, https:\/\/wehostcostabrava.com\/wp-content\/uploads\/2024\/07\/pals-mediaval-300x158.avif 300w, https:\/\/wehostcostabrava.com\/wp-content\/uploads\/2024\/07\/pals-mediaval-768x403.avif 768w, https:\/\/wehostcostabrava.com\/wp-content\/uploads\/2024\/07\/pals-mediaval.avif 1200w\" sizes=\"(max-width: 1024px) 100vw, 1024px\" \/><\/p>\n<h2>Dia 2: Platges i Natura<\/h2>\n<p><strong>Mat\u00ed: Calella de Palafrugell i Llafranc<\/strong><\/p>\n<p>Dedica el teu segon mat\u00ed a explorar les belles platges del Baix Empord\u00e0. Comen\u00e7a a Calella de Palafrugell, un antic poble de pescadors amb cales d&#8217;aig\u00fces cristal\u00b7lines i cases blanques que us transportaran a un altre temps. Passeja pel Cam\u00ed de Ronda, un corriol costaner que et porta fins a Llafranc, una altra joia de la Costa Brava. Pel cam\u00ed, gaudir\u00e0s de vistes impressionants del mar Mediterrani i de petites cales amagades.<\/p>\n<p><strong>Tarda: Jardins de Cap Roig<\/strong><\/p>\n<p>Despr\u00e9s d\u00b4un dinar davant del mar a Llafranc, visita els Jardins de Cap Roig, un dels jardins bot\u00e0nics m\u00e9s bells del Mediterrani. Aquests jardins no nom\u00e9s ofereixen una col\u00b7lecci\u00f3 impressionant de flora, sin\u00f3 que tamb\u00e9 tenen escultures i tenen vistes espectaculars al mar. Durant els mesos d&#8217;estiu, els jardins s\u00f3n la seu del Festival de Cap Roig, un esdeveniment que atrau artistes de renom internacional.<\/p>\n<p><strong>Nit: Begur<\/strong><\/p>\n<p>Per a la darrera nit del teu cap de setmana, dirigeix-te a Begur. Aquest poble encantador \u00e9s conegut pel seu castell medieval, des d&#8217;on pots gaudir d&#8217;unes vistes incre\u00efbles de la costa i les Illes Medes. Begur tamb\u00e9 \u00e9s fam\u00f3s per les seves torres de defensa constru\u00efdes al segle XVI per protegir-se dels pirates. Explora el nucli antic i acaba el dia sopant en un dels nombrosos restaurants que ofereixen des de tapes fins a plats d&#8217;alta cuina.<\/p>\n<p><img decoding=\"async\" class=\"aligncenter wp-image-6802 size-large\" src=\"https:\/\/wehostcostabrava.com\/wp-content\/uploads\/2024\/07\/begur-1024x621.jpg\" alt=\"Begur\" width=\"1024\" height=\"621\" srcset=\"https:\/\/wehostcostabrava.com\/wp-content\/uploads\/2024\/07\/begur-1024x621.jpg 1024w, https:\/\/wehostcostabrava.com\/wp-content\/uploads\/2024\/07\/begur-300x182.jpg 300w, https:\/\/wehostcostabrava.com\/wp-content\/uploads\/2024\/07\/begur-768x465.jpg 768w, https:\/\/wehostcostabrava.com\/wp-content\/uploads\/2024\/07\/begur-1536x931.jpg 1536w, https:\/\/wehostcostabrava.com\/wp-content\/uploads\/2024\/07\/begur.jpg 2048w\" sizes=\"(max-width: 1024px) 100vw, 1024px\" \/><\/p>\n<h2>Dia 3: Cultura i Gastronomia<\/h2>\n<p><strong>Mat\u00ed: Museu del Suro a Palafrugell<\/strong><\/p>\n<p>Comen\u00e7a el teu darrer dia visitant el Museu del Suro a Palafrugell. Aquest museu ofereix una visi\u00f3 interessant de la ind\u00fastria surera, que ha estat fonamental per a l&#8217;economia de la regi\u00f3. Apr\u00e8n sobre el proc\u00e9s d&#8217;extracci\u00f3 i producci\u00f3 del suro i la import\u00e0ncia hist\u00f2rica i econ\u00f2mica que t\u00e9 per a la zona.<\/p>\n<p><strong>Tarda: Palam\u00f3s<\/strong><\/p>\n<p>Dirigeix-te a Palam\u00f3s per gaudir de la tarda. Aquest port pesquer \u00e9s conegut pel seu mercat de peix, un dels m\u00e9s importants de Catalunya. Podeu visitar la llotja i veure la subhasta de peix, una experi\u00e8ncia fascinant. Despr\u00e9s, passeja pel passeig mar\u00edtim i relaxa&#8217;t en alguna de les platges.<\/p>\n<p><strong>Nit: Sopar a una Masia Tradicional<\/strong><\/p>\n<p>Per acomiadar-te del Baix Empord\u00e0, reserva un sopar a una masia tradicional. Aquestes antigues cases de camp convertides en restaurants ofereixen una experi\u00e8ncia gastron\u00f2mica \u00fanica. Degusta plats t\u00edpics com l&#8217;escalivada, el fuet i les postres casolanes. Acompanya el teu menjar amb un vi de la regi\u00f3 per posar el colof\u00f3 \u200b\u200bd&#8217;or al teu viatge.<\/p>\n<p><img decoding=\"async\" class=\"aligncenter wp-image-6806 size-large\" src=\"https:\/\/wehostcostabrava.com\/wp-content\/uploads\/2024\/07\/palamos-1024x461.avif\" alt=\"Palamos\" width=\"1024\" height=\"461\" srcset=\"https:\/\/wehostcostabrava.com\/wp-content\/uploads\/2024\/07\/palamos-1024x461.avif 1024w, https:\/\/wehostcostabrava.com\/wp-content\/uploads\/2024\/07\/palamos-300x135.avif 300w, https:\/\/wehostcostabrava.com\/wp-content\/uploads\/2024\/07\/palamos-768x346.avif 768w, https:\/\/wehostcostabrava.com\/wp-content\/uploads\/2024\/07\/palamos-1536x691.avif 1536w, https:\/\/wehostcostabrava.com\/wp-content\/uploads\/2024\/07\/palamos.avif 1920w\" sizes=\"(max-width: 1024px) 100vw, 1024px\" \/><\/p>\n<p>El Baix Empord\u00e0 \u00e9s una regi\u00f3 que encapsula l\u00b4ess\u00e8ncia de Catalunya. Els seus pobles medievals, platges de somni i una gastronomia rica i variada fan d&#8217;aquesta destinaci\u00f3 el lloc perfecte per a un cap de setmana inoblidable. Cada rac\u00f3 del Baix Empord\u00e0 explica una hist\u00f2ria, i els seus paisatges i sabors deixaran una empremta inesborrable a la mem\u00f2ria. Si necessites allotjament, ets a la web ideal perqu\u00e8 a We Host Costa Brava tenim els <a href=\"https:\/\/wehostcostabrava.com\/ca\/\">millors allotjaments de la Costa Brava<\/a> perqu\u00e8 gaudeixis d&#8217;una estada c\u00f2moda i memorable.<\/p>\n<p>Anima&#8217;t a descobrir-ho i viu una experi\u00e8ncia que combina el millor de la cultura, la natura i la tradici\u00f3 catalana!<\/p>\n","protected":false},"excerpt":{"rendered":"<p>El Baix Empord\u00e0, situat a la prov\u00edncia de Girona, \u00e9s una regi\u00f3 que combina paisatges de somni, hist\u00f2ria rica i una gastronomia inigualable. Aquest dest\u00ed \u00e9s perfecte per a una escapada de cap de setmana, oferint una barreja de cultura, natura i relaxaci\u00f3. Avui us presentem un itinerari perqu\u00e8 aprofiteu al m\u00e0xim la vostra visita. [&hellip;]<\/p>\n","protected":false},"author":2,"featured_media":6810,"comment_status":"closed","ping_status":"closed","sticky":false,"template":"","format":"standard","meta":{"_acf_changed":false,"footnotes":""},"categories":[85],"tags":[],"class_list":["post-6825","post","type-post","status-publish","format-standard","has-post-thumbnail","hentry","category-sin-categorizar-ca"],"acf":[],"_links":{"self":[{"href":"https:\/\/wehostcostabrava.com\/ca\/wp-json\/wp\/v2\/posts\/6825","targetHints":{"allow":["GET"]}}],"collection":[{"href":"https:\/\/wehostcostabrava.com\/ca\/wp-json\/wp\/v2\/posts"}],"about":[{"href":"https:\/\/wehostcostabrava.com\/ca\/wp-json\/wp\/v2\/types\/post"}],"author":[{"embeddable":true,"href":"https:\/\/wehostcostabrava.com\/ca\/wp-json\/wp\/v2\/users\/2"}],"replies":[{"embeddable":true,"href":"https:\/\/wehostcostabrava.com\/ca\/wp-json\/wp\/v2\/comments?post=6825"}],"version-history":[{"count":2,"href":"https:\/\/wehostcostabrava.com\/ca\/wp-json\/wp\/v2\/posts\/6825\/revisions"}],"predecessor-version":[{"id":6827,"href":"https:\/\/wehostcostabrava.com\/ca\/wp-json\/wp\/v2\/posts\/6825\/revisions\/6827"}],"wp:featuredmedia":[{"embeddable":true,"href":"https:\/\/wehostcostabrava.com\/ca\/wp-json\/wp\/v2\/media\/6810"}],"wp:attachment":[{"href":"https:\/\/wehostcostabrava.com\/ca\/wp-json\/wp\/v2\/media?parent=6825"}],"wp:term":[{"taxonomy":"category","embeddable":true,"href":"https:\/\/wehostcostabrava.com\/ca\/wp-json\/wp\/v2\/categories?post=6825"},{"taxonomy":"post_tag","embeddable":true,"href":"https:\/\/wehostcostabrava.com\/ca\/wp-json\/wp\/v2\/tags?post=6825"}],"curies":[{"name":"wp","href":"https:\/\/api.w.org\/{rel}","templated":true}]}}