{"id":10165,"date":"2025-10-13T12:47:16","date_gmt":"2025-10-13T10:47:16","guid":{"rendered":"https:\/\/wehostcostabrava.com\/?p=10165"},"modified":"2025-10-13T13:03:31","modified_gmt":"2025-10-13T11:03:31","slug":"cap-de-setmana-hivern-costa-brava-casa-llar-de-foc","status":"publish","type":"post","link":"https:\/\/wehostcostabrava.com\/ca\/cap-de-setmana-hivern-costa-brava-casa-llar-de-foc\/","title":{"rendered":"Cap de setmana a l\u2019hivern: el plaer d\u2019allotjar-se en una casa o apartament a la Costa Brava amb llar de foc"},"content":{"rendered":"<p><span style=\"font-weight: 400;\">La Costa Brava no nom\u00e9s brilla a l\u2019estiu. Quan arriba l\u2019hivern, els seus pobles costaners es transformen en racons de calma, natura i encant. Els dies s\u00f3n m\u00e9s curts, per\u00f2 el paisatge continua sent espectacular: passejades vora el mar, rutes pel bosc i capvespres que conviden a quedar-se a dins, davant del foc.<\/span><\/p>\n<p><span style=\"font-weight: 400;\">Si vols fugir del soroll de la ciutat i gaudir d\u2019un cap de setmana de desconnexi\u00f3, res millor que reservar un <\/span><b>apartament o casa a la Costa Brava amb llar de foc<\/b><span style=\"font-weight: 400;\">. A WeHost Costa Brava trobar\u00e0s allotjaments pensats per viure la temporada baixa amb el m\u00e0xim confort, envoltat de natura i dels aromes del Mediterrani.<\/span><\/p>\n<h3><b>La m\u00e0gia de la llar de foc a l\u2019hivern<\/b><\/h3>\n<p><span style=\"font-weight: 400;\">Encendre una llar de foc canvia completament el ritme del dia. No nom\u00e9s aporta escalfor: crea una atmosfera que convida a conversar, llegir un llibre o gaudir d\u2019una copa de vi mentre a fora bufa el vent. A les cases i apartaments amb llar de foc de la Costa Brava, cada rac\u00f3 es converteix en un refugi de benestar.<\/span><\/p>\n<p><span style=\"font-weight: 400;\">Tant si v\u00e9ns en parella, amb fam\u00edlia o amb amics, allotjar-te en un espai amb llar de foc a l\u2019hivern et permet reconnectar amb l\u2019essencial: la calma, el silenci i la bellesa de l\u2019entorn.<\/span><\/p>\n<h3><b>Cases i apartaments amb llar de foc a la Costa Brava<\/b><\/h3>\n<p><span style=\"font-weight: 400;\">A <\/span><b>WeHost Costa Brava<\/b><span style=\"font-weight: 400;\">, pots escollir entre diversos allotjaments equipats amb llar de foc, ideals per gaudir dels mesos m\u00e9s freds. Aqu\u00ed tens tres opcions perfectes per a la teva escapada d\u2019hivern:<\/span><\/p>\n<h4><a href=\"https:\/\/wehostcostabrava.com\/ca\/lloguer-casa-mont-ras-palafrugell-can-burjats\/\"><b>Casa a Mont-ras, prop de Palafrugell<\/b><\/a><\/h4>\n<p><span style=\"font-weight: 400;\">Una casa de camp envoltada de natura, ideal per a aquells que busquen desconnectar del tot. La seva llar de foc al sal\u00f3 es converteix en el cor de la llar durant l\u2019hivern, perfecta per a tardes de lectura o per a un sopar tranquil despr\u00e9s d\u2019explorar les rutes dels voltants. Mont-ras \u00e9s un petit parad\u00eds entre boscos i camps, molt a prop de Calella de Palafrugell i de les platges m\u00e9s emblem\u00e0tiques del Baix Empord\u00e0.<\/span><\/p>\n<p><img fetchpriority=\"high\" decoding=\"async\" class=\"aligncenter wp-image-10111 size-large\" src=\"https:\/\/wehostcostabrava.com\/wp-content\/uploads\/2025\/10\/casa-con-chimenea-en-la-costa-brava-1024x682.jpg\" alt=\"casa con chimenea en la costa brava\" width=\"1024\" height=\"682\" srcset=\"https:\/\/wehostcostabrava.com\/wp-content\/uploads\/2025\/10\/casa-con-chimenea-en-la-costa-brava-1024x682.jpg 1024w, https:\/\/wehostcostabrava.com\/wp-content\/uploads\/2025\/10\/casa-con-chimenea-en-la-costa-brava-300x200.jpg 300w, https:\/\/wehostcostabrava.com\/wp-content\/uploads\/2025\/10\/casa-con-chimenea-en-la-costa-brava-768x512.jpg 768w, https:\/\/wehostcostabrava.com\/wp-content\/uploads\/2025\/10\/casa-con-chimenea-en-la-costa-brava.jpg 1280w\" sizes=\"(max-width: 1024px) 100vw, 1024px\" \/><\/p>\n<h4><a href=\"https:\/\/wehostcostabrava.com\/ca\/lloguer-casa-piscina-tamariu\/\"><b>Casa amb piscina a Tamariu<\/b><\/a><\/h4>\n<p><span style=\"font-weight: 400;\">Tot i que Tamariu \u00e9s conegut per les seves aig\u00fces turqueses, a l\u2019hivern es converteix en un lloc ple de serenor. Aquesta casa combina l\u2019escalfor de la seva llar de foc amb l\u2019encant d\u2019una ubicaci\u00f3 privilegiada. Des del sal\u00f3 pots contemplar el paisatge mediterrani mentre el foc espetega. \u00c9s perfecta per a escapades rom\u00e0ntiques o caps de setmana de relax absolut.<\/span><\/p>\n<p><img decoding=\"async\" class=\"aligncenter wp-image-10116 size-full\" src=\"https:\/\/wehostcostabrava.com\/wp-content\/uploads\/2025\/10\/casa-con-chimenea-en-Tamariu.jpg\" alt=\"casa con chimenea en Tamariu\" width=\"800\" height=\"600\" srcset=\"https:\/\/wehostcostabrava.com\/wp-content\/uploads\/2025\/10\/casa-con-chimenea-en-Tamariu.jpg 800w, https:\/\/wehostcostabrava.com\/wp-content\/uploads\/2025\/10\/casa-con-chimenea-en-Tamariu-300x225.jpg 300w, https:\/\/wehostcostabrava.com\/wp-content\/uploads\/2025\/10\/casa-con-chimenea-en-Tamariu-768x576.jpg 768w\" sizes=\"(max-width: 800px) 100vw, 800px\" \/><\/p>\n<h4><a href=\"https:\/\/wehostcostabrava.com\/ca\/lloguer-casa-ideal-families-a-calella-de-palafrugell-casa-concha-casanova\/\"><b>Casa ideal per a fam\u00edlies a Calella de Palafrugell<\/b><\/a><\/h4>\n<p><span style=\"font-weight: 400;\">Si prefereixes un dest\u00ed vora el mar, aquesta casa familiar a Calella de Palafrugell \u00e9s una opci\u00f3 excel\u00b7lent. La seva llar de foc converteix el sal\u00f3 en un espai acollidor per gaudir de tardes de jocs o sopars en grup. A nom\u00e9s uns minuts a peu de la platja, combina l\u2019ambient mariner amb el confort d\u2019un allotjament c\u00e0lid i equipat per a l\u2019hivern.<\/span><\/p>\n<p><img decoding=\"async\" class=\"aligncenter wp-image-10121 size-large\" src=\"https:\/\/wehostcostabrava.com\/wp-content\/uploads\/2025\/10\/apartamento-calella-de-palafrugell-con-chimenea-1024x648.jpg\" alt=\"apartamento calella de palafrugell con chimenea\" width=\"1024\" height=\"648\" srcset=\"https:\/\/wehostcostabrava.com\/wp-content\/uploads\/2025\/10\/apartamento-calella-de-palafrugell-con-chimenea-1024x648.jpg 1024w, https:\/\/wehostcostabrava.com\/wp-content\/uploads\/2025\/10\/apartamento-calella-de-palafrugell-con-chimenea-300x190.jpg 300w, https:\/\/wehostcostabrava.com\/wp-content\/uploads\/2025\/10\/apartamento-calella-de-palafrugell-con-chimenea-768x486.jpg 768w, https:\/\/wehostcostabrava.com\/wp-content\/uploads\/2025\/10\/apartamento-calella-de-palafrugell-con-chimenea-1536x971.jpg 1536w, https:\/\/wehostcostabrava.com\/wp-content\/uploads\/2025\/10\/apartamento-calella-de-palafrugell-con-chimenea.jpg 1787w\" sizes=\"(max-width: 1024px) 100vw, 1024px\" \/><\/p>\n<h3><b>Qu\u00e8 fer durant un cap de setmana d\u2019hivern a la Costa Brava<\/b><\/h3>\n<p><span style=\"font-weight: 400;\">Encara que el clima sigui m\u00e9s fresc, la Costa Brava ofereix mil plans per gaudir-ne a l\u2019hivern. Pots rec\u00f3rrer el <\/span><b>Cam\u00ed de Ronda<\/b><span style=\"font-weight: 400;\">, descobrir pobles amb encant com <\/span><b>Pals, Peratallada o Begur<\/b><span style=\"font-weight: 400;\">, visitar cellers locals o simplement passejar per les platges buides al capvespre.<\/span><\/p>\n<p><span style=\"font-weight: 400;\">Despr\u00e9s d\u2019un dia d\u2019excursions, no hi ha res millor que tornar a l\u2019allotjament, encendre la llar de foc i deixar que el temps s\u2019aturi.<\/span><\/p>\n<h3><b>Un cap de setmana de desconnexi\u00f3 total<\/b><\/h3>\n<p><span style=\"font-weight: 400;\">Un cap de setmana a la Costa Brava durant l\u2019hivern \u00e9s una experi\u00e8ncia per als sentits: la brisa marina, l\u2019olor de la llenya, els paisatges de vinyes i oliveres. Escollir una <\/span><b>casa o apartament amb llar de foc<\/b><span style=\"font-weight: 400;\"> \u00e9s la clau per aprofitar al m\u00e0xim aquesta atmosfera tan especial que nom\u00e9s ofereix l\u2019hivern mediterrani.<\/span><\/p>\n<p><span style=\"font-weight: 400;\">Tant si vols celebrar una ocasi\u00f3 especial, fer una escapada rom\u00e0ntica o simplement desconnectar del ritme urb\u00e0, a WeHost Costa Brava trobar\u00e0s l\u2019allotjament ideal. Cada propietat est\u00e0 seleccionada amb cura, equipada amb tot el necessari i gestionada amb l\u2019atenci\u00f3 propera que caracteritza el nostre equip.<\/span><\/p>\n<h3><b>Viu l\u2019hivern m\u00e9s acollidor amb WeHost Costa Brava<\/b><\/h3>\n<p><span style=\"font-weight: 400;\">Si est\u00e0s buscant un <\/span><b>apartament o casa a la Costa Brava amb llar de foc<\/b><span style=\"font-weight: 400;\">, WeHost Costa Brava t\u2019ofereix la combinaci\u00f3 perfecta entre confort, autenticitat i ubicaci\u00f3. Gaudeix d\u2019un entorn \u00fanic, de l\u2019escalfor del foc i de la tranquil\u00b7litat que nom\u00e9s es troba en aquesta \u00e8poca de l\u2019any.<\/span><\/p>\n<p><span style=\"font-weight: 400;\">Reserva la teva pr\u00f2xima escapada i descobreix que l\u2019hivern tamb\u00e9 pot ser la millor estaci\u00f3 per gaudir de la Costa Brava.<\/span><\/p>\n","protected":false},"excerpt":{"rendered":"<p>La Costa Brava no nom\u00e9s brilla a l\u2019estiu. Quan arriba l\u2019hivern, els seus pobles costaners es transformen en racons de calma, natura i encant. Els dies s\u00f3n m\u00e9s curts, per\u00f2 el paisatge continua sent espectacular: passejades vora el mar, rutes pel bosc i capvespres que conviden a quedar-se a dins, davant del foc. Si vols [&hellip;]<\/p>\n","protected":false},"author":2,"featured_media":10129,"comment_status":"closed","ping_status":"closed","sticky":false,"template":"","format":"standard","meta":{"_acf_changed":false,"footnotes":""},"categories":[85],"tags":[],"class_list":["post-10165","post","type-post","status-publish","format-standard","has-post-thumbnail","hentry","category-sin-categorizar-ca"],"acf":[],"_links":{"self":[{"href":"https:\/\/wehostcostabrava.com\/ca\/wp-json\/wp\/v2\/posts\/10165","targetHints":{"allow":["GET"]}}],"collection":[{"href":"https:\/\/wehostcostabrava.com\/ca\/wp-json\/wp\/v2\/posts"}],"about":[{"href":"https:\/\/wehostcostabrava.com\/ca\/wp-json\/wp\/v2\/types\/post"}],"author":[{"embeddable":true,"href":"https:\/\/wehostcostabrava.com\/ca\/wp-json\/wp\/v2\/users\/2"}],"replies":[{"embeddable":true,"href":"https:\/\/wehostcostabrava.com\/ca\/wp-json\/wp\/v2\/comments?post=10165"}],"version-history":[{"count":1,"href":"https:\/\/wehostcostabrava.com\/ca\/wp-json\/wp\/v2\/posts\/10165\/revisions"}],"predecessor-version":[{"id":10177,"href":"https:\/\/wehostcostabrava.com\/ca\/wp-json\/wp\/v2\/posts\/10165\/revisions\/10177"}],"wp:featuredmedia":[{"embeddable":true,"href":"https:\/\/wehostcostabrava.com\/ca\/wp-json\/wp\/v2\/media\/10129"}],"wp:attachment":[{"href":"https:\/\/wehostcostabrava.com\/ca\/wp-json\/wp\/v2\/media?parent=10165"}],"wp:term":[{"taxonomy":"category","embeddable":true,"href":"https:\/\/wehostcostabrava.com\/ca\/wp-json\/wp\/v2\/categories?post=10165"},{"taxonomy":"post_tag","embeddable":true,"href":"https:\/\/wehostcostabrava.com\/ca\/wp-json\/wp\/v2\/tags?post=10165"}],"curies":[{"name":"wp","href":"https:\/\/api.w.org\/{rel}","templated":true}]}}